{"id":355,"date":"2025-06-15T12:51:27","date_gmt":"2025-06-15T12:51:27","guid":{"rendered":"https:\/\/estourgie.fr\/?p=355"},"modified":"2025-06-15T12:51:27","modified_gmt":"2025-06-15T12:51:27","slug":"%f0%9f%8c%bf-a-faire-autour-de-le-coeur-destourgie-du-15-au-29-juin","status":"publish","type":"post","link":"http:\/\/estourgie.fr\/de\/2025\/06\/%f0%9f%8c%bf-a-faire-autour-de-le-coeur-destourgie-du-15-au-29-juin","title":{"rendered":"\ud83c\udf3f Zu tun rund um Le Coeur d'Estourgie (15. bis 29. Juni)"},"content":{"rendered":"<figure class=\"wp-block-image size-full\"><img loading=\"lazy\" decoding=\"async\" width=\"1024\" height=\"1024\" src=\"https:\/\/estourgie.fr\/wp-content\/uploads\/2025\/06\/ChatGPT-Image-15-jun-2025-14_50_17.png\" alt=\"\" class=\"wp-image-357\" srcset=\"https:\/\/estourgie.fr\/wp-content\/uploads\/2025\/06\/ChatGPT-Image-15-jun-2025-14_50_17.png 1024w, https:\/\/estourgie.fr\/wp-content\/uploads\/2025\/06\/ChatGPT-Image-15-jun-2025-14_50_17-300x300.png 300w, https:\/\/estourgie.fr\/wp-content\/uploads\/2025\/06\/ChatGPT-Image-15-jun-2025-14_50_17-150x150.png 150w, https:\/\/estourgie.fr\/wp-content\/uploads\/2025\/06\/ChatGPT-Image-15-jun-2025-14_50_17-768x768.png 768w, https:\/\/estourgie.fr\/wp-content\/uploads\/2025\/06\/ChatGPT-Image-15-jun-2025-14_50_17-12x12.png 12w\" sizes=\"auto, (max-width: 1024px) 100vw, 1024px\" \/><\/figure>\n\n\n\n<h3 class=\"wp-block-heading\">\ud83c\udfb6 Samstag, 21. Juni - F\u00eate de la Musique<\/h3>\n\n\n\n<p>Die ganze Region feiert: In Montlu\u00e7on, Menat, Pr\u00e9milhat oder Chazemais erwarten Sie Konzerte, DJs, Grillpartys und Sommerstimmung!<\/p>\n\n\n\n<h3 class=\"wp-block-heading\">\ud83c\udfa8 21-25. Juni - Workshops &amp; Expo in Montlu\u00e7on<\/h3>\n\n\n\n<p>Workshops zur urbanen Kunst am 21. Juni, gefolgt von einer Ausstellung der von einheimischen Sch\u00fclerinnen und Sch\u00fclern geschaffenen Werke an verschiedenen Orten in der Stadt.<\/p>\n\n\n\n<h3 class=\"wp-block-heading\">\ud83d\ude02 Donnerstag, 26. Juni - Yoga du Rire in Montlu\u00e7on<\/h3>\n\n\n\n<p>Ein Entspannungsmoment, der nicht wie jeder andere ist! Von 18:30 bis 19:30 Uhr - Lachen garantiert und gute Laune garantiert.<\/p>\n\n\n\n<h3 class=\"wp-block-heading\">\ud83c\udf77 27-29. Juni - Wein- &amp; Geschmacksfest in Saint-\u00c9loy-les-Mines<\/h3>\n\n\n\n<p>Drei Tage lang Feinschmeckermarkt, Weinproben, Auff\u00fchrungen, lokale Handwerker und Konzerte in einer festlichen und herzlichen Atmosph\u00e4re.<\/p>\n\n\n\n<h3 class=\"wp-block-heading\">\ud83c\udf08 Samstag, 28. Juni - Color'N Run in N\u00e9ris-les-Bains (~25 min)<\/h3>\n\n\n\n<p>Farbenfroher Lauf f\u00fcr alle! Ein sportlicher und fr\u00f6hlicher Vormittag f\u00fcr Familien, mit Freunden oder allein, mit Start in einer Regenbogenwolke.<\/p>\n\n\n\n<hr class=\"wp-block-separator has-alpha-channel-opacity\"\/>\n\n\n\n<h2 class=\"wp-block-heading\">\ud83d\udca1 Tipps f\u00fcr deinen Aufenthalt<\/h2>\n\n\n\n<p>- Der <strong>21. Juni<\/strong> : Genie\u00dfen Sie die kostenlosen Konzerte und die Atmosph\u00e4re in den D\u00f6rfern.<br>- Der <strong>26. Juni<\/strong> : G\u00f6nnen Sie sich einen Zen- (und lustigen) Moment mit dem Lachyoga.<br>- Vom <strong>27. bis 29. Juni<\/strong> : Erleben Sie ein Schlemmer- und Festwochenende in Saint-\u00c9loy.<br>- Der <strong>28. Juni<\/strong> : Nehmen Sie am Color'N Run teil und erleben Sie einen Fun &amp; Sport Moment.<\/p>\n\n\n\n<p>\ud83d\udce9 Lust, dorthin zu gehen? Brauchen Sie einen Ratschlag? Wir helfen Ihnen gerne bei der Organisation Ihrer Ausfl\u00fcge!<\/p>\n\n\n\n<p>\u27a1\ufe0f Es gibt noch Platz im <em>Coeur d'Estourgie<\/em> - <a href=\"https:\/\/estourgie.fr\/de\/kontakt\/\" data-type=\"page\" data-id=\"58\">buchen Sie schnell<\/a> oder teilen Sie es mit jemandem, der Lust hat, in die Auvergne zu entfliehen!<\/p>","protected":false},"excerpt":{"rendered":"<p>\ud83c\udfb6 Samstag, 21. Juni - F\u00eate de la Musique Die ganze Region feiert mit: in Montlu\u00e7on, Menat, Pr\u00e9milhat...<\/p>","protected":false},"author":1,"featured_media":0,"comment_status":"open","ping_status":"open","sticky":false,"template":"","format":"standard","meta":{"_kadence_starter_templates_imported_post":false,"_swpsp_post_exclude":false,"_kad_post_transparent":"","_kad_post_title":"","_kad_post_layout":"","_kad_post_sidebar_id":"","_kad_post_content_style":"","_kad_post_vertical_padding":"","_kad_post_feature":"","_kad_post_feature_position":"","_kad_post_header":false,"_kad_post_footer":false,"_kad_post_classname":"","footnotes":""},"categories":[3],"tags":[],"class_list":["post-355","post","type-post","status-publish","format-standard","hentry","category-blogging"],"yoast_head":"<!-- This site is optimized with the Yoast SEO plugin v27.5 - https:\/\/yoast.com\/product\/yoast-seo-wordpress\/ -->\n<title>\ud83c\udf3f \u00c0 faire autour de Le C\u0153ur d\u2019Estourgie (du 15 au 29 juin) - Le C\u0153ur<\/title>\n<meta name=\"robots\" content=\"index, follow, max-snippet:-1, max-image-preview:large, max-video-preview:-1\" \/>\n<link rel=\"canonical\" href=\"https:\/\/estourgie.fr\/de\/2025\/06\/\ud83c\udf3f-a-faire-autour-de-le-coeur-destourgie-du-15-au-29-juin\/\" \/>\n<meta property=\"og:locale\" content=\"de_DE\" \/>\n<meta property=\"og:type\" content=\"article\" \/>\n<meta property=\"og:title\" content=\"\ud83c\udf3f \u00c0 faire autour de Le C\u0153ur d\u2019Estourgie (du 15 au 29 juin) - Le C\u0153ur\" \/>\n<meta property=\"og:description\" content=\"\ud83c\udfb6 Samedi 21 juin \u2013 F\u00eate de la Musique Toute la r\u00e9gion entre en f\u00eate : \u00e0 Montlu\u00e7on, Menat, Pr\u00e9milhat...\" \/>\n<meta property=\"og:url\" content=\"https:\/\/estourgie.fr\/de\/2025\/06\/\ud83c\udf3f-a-faire-autour-de-le-coeur-destourgie-du-15-au-29-juin\/\" \/>\n<meta property=\"og:site_name\" content=\"Le C\u0153ur\" \/>\n<meta property=\"article:publisher\" content=\"https:\/\/www.facebook.com\/QuatreSaisonsPionsat\/?locale=nl_NL\" \/>\n<meta property=\"article:published_time\" content=\"2025-06-15T12:51:27+00:00\" \/>\n<meta property=\"og:image\" content=\"https:\/\/estourgie.fr\/wp-content\/uploads\/2025\/06\/ChatGPT-Image-15-jun-2025-14_50_17.png\" \/>\n\t<meta property=\"og:image:width\" content=\"1024\" \/>\n\t<meta property=\"og:image:height\" content=\"1024\" \/>\n\t<meta property=\"og:image:type\" content=\"image\/png\" \/>\n<meta name=\"author\" content=\"estourgie\" \/>\n<meta name=\"twitter:card\" content=\"summary_large_image\" \/>\n<meta name=\"twitter:label1\" content=\"Verfasst von\" \/>\n\t<meta name=\"twitter:data1\" content=\"estourgie\" \/>\n\t<meta name=\"twitter:label2\" content=\"Gesch\u00e4tzte Lesezeit\" \/>\n\t<meta name=\"twitter:data2\" content=\"1\u00a0Minute\" \/>\n<script type=\"application\/ld+json\" class=\"yoast-schema-graph\">{\"@context\":\"https:\\\/\\\/schema.org\",\"@graph\":[{\"@type\":\"Article\",\"@id\":\"https:\\\/\\\/estourgie.fr\\\/2025\\\/06\\\/%f0%9f%8c%bf-a-faire-autour-de-le-coeur-destourgie-du-15-au-29-juin#article\",\"isPartOf\":{\"@id\":\"https:\\\/\\\/estourgie.fr\\\/2025\\\/06\\\/%f0%9f%8c%bf-a-faire-autour-de-le-coeur-destourgie-du-15-au-29-juin\"},\"author\":{\"name\":\"estourgie\",\"@id\":\"https:\\\/\\\/estourgie.fr\\\/#\\\/schema\\\/person\\\/bbcc67fed31472008685c05fdae76ac2\"},\"headline\":\"\ud83c\udf3f \u00c0 faire autour de Le C\u0153ur d\u2019Estourgie (du 15 au 29 juin)\",\"datePublished\":\"2025-06-15T12:51:27+00:00\",\"mainEntityOfPage\":{\"@id\":\"https:\\\/\\\/estourgie.fr\\\/2025\\\/06\\\/%f0%9f%8c%bf-a-faire-autour-de-le-coeur-destourgie-du-15-au-29-juin\"},\"wordCount\":260,\"commentCount\":0,\"publisher\":{\"@id\":\"https:\\\/\\\/estourgie.fr\\\/#organization\"},\"image\":{\"@id\":\"https:\\\/\\\/estourgie.fr\\\/2025\\\/06\\\/%f0%9f%8c%bf-a-faire-autour-de-le-coeur-destourgie-du-15-au-29-juin#primaryimage\"},\"thumbnailUrl\":\"https:\\\/\\\/estourgie.fr\\\/wp-content\\\/uploads\\\/2025\\\/06\\\/ChatGPT-Image-15-jun-2025-14_50_17.png\",\"articleSection\":[\"Blogging\"],\"inLanguage\":\"de\",\"potentialAction\":[{\"@type\":\"CommentAction\",\"name\":\"Comment\",\"target\":[\"https:\\\/\\\/estourgie.fr\\\/2025\\\/06\\\/%f0%9f%8c%bf-a-faire-autour-de-le-coeur-destourgie-du-15-au-29-juin#respond\"]}]},{\"@type\":\"WebPage\",\"@id\":\"https:\\\/\\\/estourgie.fr\\\/2025\\\/06\\\/%f0%9f%8c%bf-a-faire-autour-de-le-coeur-destourgie-du-15-au-29-juin\",\"url\":\"https:\\\/\\\/estourgie.fr\\\/2025\\\/06\\\/%f0%9f%8c%bf-a-faire-autour-de-le-coeur-destourgie-du-15-au-29-juin\",\"name\":\"\ud83c\udf3f \u00c0 faire autour de Le C\u0153ur d\u2019Estourgie (du 15 au 29 juin) - Le C\u0153ur\",\"isPartOf\":{\"@id\":\"https:\\\/\\\/estourgie.fr\\\/#website\"},\"primaryImageOfPage\":{\"@id\":\"https:\\\/\\\/estourgie.fr\\\/2025\\\/06\\\/%f0%9f%8c%bf-a-faire-autour-de-le-coeur-destourgie-du-15-au-29-juin#primaryimage\"},\"image\":{\"@id\":\"https:\\\/\\\/estourgie.fr\\\/2025\\\/06\\\/%f0%9f%8c%bf-a-faire-autour-de-le-coeur-destourgie-du-15-au-29-juin#primaryimage\"},\"thumbnailUrl\":\"https:\\\/\\\/estourgie.fr\\\/wp-content\\\/uploads\\\/2025\\\/06\\\/ChatGPT-Image-15-jun-2025-14_50_17.png\",\"datePublished\":\"2025-06-15T12:51:27+00:00\",\"breadcrumb\":{\"@id\":\"https:\\\/\\\/estourgie.fr\\\/2025\\\/06\\\/%f0%9f%8c%bf-a-faire-autour-de-le-coeur-destourgie-du-15-au-29-juin#breadcrumb\"},\"inLanguage\":\"de\",\"potentialAction\":[{\"@type\":\"ReadAction\",\"target\":[\"https:\\\/\\\/estourgie.fr\\\/2025\\\/06\\\/%f0%9f%8c%bf-a-faire-autour-de-le-coeur-destourgie-du-15-au-29-juin\"]}]},{\"@type\":\"ImageObject\",\"inLanguage\":\"de\",\"@id\":\"https:\\\/\\\/estourgie.fr\\\/2025\\\/06\\\/%f0%9f%8c%bf-a-faire-autour-de-le-coeur-destourgie-du-15-au-29-juin#primaryimage\",\"url\":\"https:\\\/\\\/estourgie.fr\\\/wp-content\\\/uploads\\\/2025\\\/06\\\/ChatGPT-Image-15-jun-2025-14_50_17.png\",\"contentUrl\":\"https:\\\/\\\/estourgie.fr\\\/wp-content\\\/uploads\\\/2025\\\/06\\\/ChatGPT-Image-15-jun-2025-14_50_17.png\"},{\"@type\":\"BreadcrumbList\",\"@id\":\"https:\\\/\\\/estourgie.fr\\\/2025\\\/06\\\/%f0%9f%8c%bf-a-faire-autour-de-le-coeur-destourgie-du-15-au-29-juin#breadcrumb\",\"itemListElement\":[{\"@type\":\"ListItem\",\"position\":1,\"name\":\"Home\",\"item\":\"https:\\\/\\\/estourgie.fr\\\/\"},{\"@type\":\"ListItem\",\"position\":2,\"name\":\"\ud83c\udf3f \u00c0 faire autour de Le C\u0153ur d\u2019Estourgie (du 15 au 29 juin)\"}]},{\"@type\":\"WebSite\",\"@id\":\"https:\\\/\\\/estourgie.fr\\\/#website\",\"url\":\"https:\\\/\\\/estourgie.fr\\\/\",\"name\":\"Le C\u0153ur d'Estourgie (ook wel: Le Coeur d'Estourgie)\",\"description\":\"Le C\u0153ur d&#039;Estourgie - Espace, calme et confort\",\"publisher\":{\"@id\":\"https:\\\/\\\/estourgie.fr\\\/#organization\"},\"potentialAction\":[{\"@type\":\"SearchAction\",\"target\":{\"@type\":\"EntryPoint\",\"urlTemplate\":\"https:\\\/\\\/estourgie.fr\\\/?s={search_term_string}\"},\"query-input\":{\"@type\":\"PropertyValueSpecification\",\"valueRequired\":true,\"valueName\":\"search_term_string\"}}],\"inLanguage\":\"de\"},{\"@type\":\"Organization\",\"@id\":\"https:\\\/\\\/estourgie.fr\\\/#organization\",\"name\":\"Le C\u0153ur d'Estourgie (ook wel: Le Coeur d'Estourgie)\",\"url\":\"https:\\\/\\\/estourgie.fr\\\/\",\"logo\":{\"@type\":\"ImageObject\",\"inLanguage\":\"de\",\"@id\":\"https:\\\/\\\/estourgie.fr\\\/#\\\/schema\\\/logo\\\/image\\\/\",\"url\":\"https:\\\/\\\/estourgie.fr\\\/wp-content\\\/uploads\\\/2026\\\/03\\\/cropped-cropped-Estourgie-logo.png\",\"contentUrl\":\"https:\\\/\\\/estourgie.fr\\\/wp-content\\\/uploads\\\/2026\\\/03\\\/cropped-cropped-Estourgie-logo.png\",\"width\":412,\"height\":507,\"caption\":\"Le C\u0153ur d'Estourgie (ook wel: Le Coeur d'Estourgie)\"},\"image\":{\"@id\":\"https:\\\/\\\/estourgie.fr\\\/#\\\/schema\\\/logo\\\/image\\\/\"},\"sameAs\":[\"https:\\\/\\\/www.facebook.com\\\/QuatreSaisonsPionsat\\\/?locale=nl_NL\",\"https:\\\/\\\/www.instagram.com\\\/destourgie\\\/\"]},{\"@type\":\"Person\",\"@id\":\"https:\\\/\\\/estourgie.fr\\\/#\\\/schema\\\/person\\\/bbcc67fed31472008685c05fdae76ac2\",\"name\":\"estourgie\",\"image\":{\"@type\":\"ImageObject\",\"inLanguage\":\"de\",\"@id\":\"https:\\\/\\\/secure.gravatar.com\\\/avatar\\\/a2bc2cedeb6bc38b87c953f5e0fea14090a441e6bf56a504f57cde43a0ab4995?s=96&d=mm&r=g\",\"url\":\"https:\\\/\\\/secure.gravatar.com\\\/avatar\\\/a2bc2cedeb6bc38b87c953f5e0fea14090a441e6bf56a504f57cde43a0ab4995?s=96&d=mm&r=g\",\"contentUrl\":\"https:\\\/\\\/secure.gravatar.com\\\/avatar\\\/a2bc2cedeb6bc38b87c953f5e0fea14090a441e6bf56a504f57cde43a0ab4995?s=96&d=mm&r=g\",\"caption\":\"estourgie\"},\"sameAs\":[\"http:\\\/\\\/estourgie.fr\"],\"url\":\"http:\\\/\\\/estourgie.fr\\\/de\\\/author\\\/estourgie\"}]}<\/script>\n<!-- \/ Yoast SEO plugin. -->","yoast_head_json":{"title":"\ud83c\udf3f Zu tun rund um Das Herz von Estourgie (15. bis 29. Juni) - Das Herz","robots":{"index":"index","follow":"follow","max-snippet":"max-snippet:-1","max-image-preview":"max-image-preview:large","max-video-preview":"max-video-preview:-1"},"canonical":"https:\/\/estourgie.fr\/de\/2025\/06\/\ud83c\udf3f-a-faire-autour-de-le-coeur-destourgie-du-15-au-29-juin\/","og_locale":"de_DE","og_type":"article","og_title":"\ud83c\udf3f \u00c0 faire autour de Le C\u0153ur d\u2019Estourgie (du 15 au 29 juin) - Le C\u0153ur","og_description":"\ud83c\udfb6 Samedi 21 juin \u2013 F\u00eate de la Musique Toute la r\u00e9gion entre en f\u00eate : \u00e0 Montlu\u00e7on, Menat, Pr\u00e9milhat...","og_url":"https:\/\/estourgie.fr\/de\/2025\/06\/\ud83c\udf3f-a-faire-autour-de-le-coeur-destourgie-du-15-au-29-juin\/","og_site_name":"Le C\u0153ur","article_publisher":"https:\/\/www.facebook.com\/QuatreSaisonsPionsat\/?locale=nl_NL","article_published_time":"2025-06-15T12:51:27+00:00","og_image":[{"width":1024,"height":1024,"url":"https:\/\/estourgie.fr\/wp-content\/uploads\/2025\/06\/ChatGPT-Image-15-jun-2025-14_50_17.png","type":"image\/png"}],"author":"estourgie","twitter_card":"summary_large_image","twitter_misc":{"Verfasst von":"estourgie","Gesch\u00e4tzte Lesezeit":"1\u00a0Minute"},"schema":{"@context":"https:\/\/schema.org","@graph":[{"@type":"Article","@id":"https:\/\/estourgie.fr\/2025\/06\/%f0%9f%8c%bf-a-faire-autour-de-le-coeur-destourgie-du-15-au-29-juin#article","isPartOf":{"@id":"https:\/\/estourgie.fr\/2025\/06\/%f0%9f%8c%bf-a-faire-autour-de-le-coeur-destourgie-du-15-au-29-juin"},"author":{"name":"estourgie","@id":"https:\/\/estourgie.fr\/#\/schema\/person\/bbcc67fed31472008685c05fdae76ac2"},"headline":"\ud83c\udf3f \u00c0 faire autour de Le C\u0153ur d\u2019Estourgie (du 15 au 29 juin)","datePublished":"2025-06-15T12:51:27+00:00","mainEntityOfPage":{"@id":"https:\/\/estourgie.fr\/2025\/06\/%f0%9f%8c%bf-a-faire-autour-de-le-coeur-destourgie-du-15-au-29-juin"},"wordCount":260,"commentCount":0,"publisher":{"@id":"https:\/\/estourgie.fr\/#organization"},"image":{"@id":"https:\/\/estourgie.fr\/2025\/06\/%f0%9f%8c%bf-a-faire-autour-de-le-coeur-destourgie-du-15-au-29-juin#primaryimage"},"thumbnailUrl":"https:\/\/estourgie.fr\/wp-content\/uploads\/2025\/06\/ChatGPT-Image-15-jun-2025-14_50_17.png","articleSection":["Blogging"],"inLanguage":"de","potentialAction":[{"@type":"CommentAction","name":"Comment","target":["https:\/\/estourgie.fr\/2025\/06\/%f0%9f%8c%bf-a-faire-autour-de-le-coeur-destourgie-du-15-au-29-juin#respond"]}]},{"@type":"WebPage","@id":"https:\/\/estourgie.fr\/2025\/06\/%f0%9f%8c%bf-a-faire-autour-de-le-coeur-destourgie-du-15-au-29-juin","url":"https:\/\/estourgie.fr\/2025\/06\/%f0%9f%8c%bf-a-faire-autour-de-le-coeur-destourgie-du-15-au-29-juin","name":"\ud83c\udf3f Zu tun rund um Das Herz von Estourgie (15. bis 29. Juni) - Das Herz","isPartOf":{"@id":"https:\/\/estourgie.fr\/#website"},"primaryImageOfPage":{"@id":"https:\/\/estourgie.fr\/2025\/06\/%f0%9f%8c%bf-a-faire-autour-de-le-coeur-destourgie-du-15-au-29-juin#primaryimage"},"image":{"@id":"https:\/\/estourgie.fr\/2025\/06\/%f0%9f%8c%bf-a-faire-autour-de-le-coeur-destourgie-du-15-au-29-juin#primaryimage"},"thumbnailUrl":"https:\/\/estourgie.fr\/wp-content\/uploads\/2025\/06\/ChatGPT-Image-15-jun-2025-14_50_17.png","datePublished":"2025-06-15T12:51:27+00:00","breadcrumb":{"@id":"https:\/\/estourgie.fr\/2025\/06\/%f0%9f%8c%bf-a-faire-autour-de-le-coeur-destourgie-du-15-au-29-juin#breadcrumb"},"inLanguage":"de","potentialAction":[{"@type":"ReadAction","target":["https:\/\/estourgie.fr\/2025\/06\/%f0%9f%8c%bf-a-faire-autour-de-le-coeur-destourgie-du-15-au-29-juin"]}]},{"@type":"ImageObject","inLanguage":"de","@id":"https:\/\/estourgie.fr\/2025\/06\/%f0%9f%8c%bf-a-faire-autour-de-le-coeur-destourgie-du-15-au-29-juin#primaryimage","url":"https:\/\/estourgie.fr\/wp-content\/uploads\/2025\/06\/ChatGPT-Image-15-jun-2025-14_50_17.png","contentUrl":"https:\/\/estourgie.fr\/wp-content\/uploads\/2025\/06\/ChatGPT-Image-15-jun-2025-14_50_17.png"},{"@type":"BreadcrumbList","@id":"https:\/\/estourgie.fr\/2025\/06\/%f0%9f%8c%bf-a-faire-autour-de-le-coeur-destourgie-du-15-au-29-juin#breadcrumb","itemListElement":[{"@type":"ListItem","position":1,"name":"Home","item":"https:\/\/estourgie.fr\/"},{"@type":"ListItem","position":2,"name":"\ud83c\udf3f \u00c0 faire autour de Le C\u0153ur d\u2019Estourgie (du 15 au 29 juin)"}]},{"@type":"WebSite","@id":"https:\/\/estourgie.fr\/#website","url":"https:\/\/estourgie.fr\/","name":"Das Herz von Estourgie (ook wel: Das Herz von Estourgie)","description":"Le Coeur d'Estourgie - Raum, Ruhe und Komfort","publisher":{"@id":"https:\/\/estourgie.fr\/#organization"},"potentialAction":[{"@type":"SearchAction","target":{"@type":"EntryPoint","urlTemplate":"https:\/\/estourgie.fr\/?s={search_term_string}"},"query-input":{"@type":"PropertyValueSpecification","valueRequired":true,"valueName":"search_term_string"}}],"inLanguage":"de"},{"@type":"Organization","@id":"https:\/\/estourgie.fr\/#organization","name":"Das Herz von Estourgie (ook wel: Das Herz von Estourgie)","url":"https:\/\/estourgie.fr\/","logo":{"@type":"ImageObject","inLanguage":"de","@id":"https:\/\/estourgie.fr\/#\/schema\/logo\/image\/","url":"https:\/\/estourgie.fr\/wp-content\/uploads\/2026\/03\/cropped-cropped-Estourgie-logo.png","contentUrl":"https:\/\/estourgie.fr\/wp-content\/uploads\/2026\/03\/cropped-cropped-Estourgie-logo.png","width":412,"height":507,"caption":"Le C\u0153ur d'Estourgie (ook wel: Le Coeur d'Estourgie)"},"image":{"@id":"https:\/\/estourgie.fr\/#\/schema\/logo\/image\/"},"sameAs":["https:\/\/www.facebook.com\/QuatreSaisonsPionsat\/?locale=nl_NL","https:\/\/www.instagram.com\/destourgie\/"]},{"@type":"Person","@id":"https:\/\/estourgie.fr\/#\/schema\/person\/bbcc67fed31472008685c05fdae76ac2","name":"estourgie","image":{"@type":"ImageObject","inLanguage":"de","@id":"https:\/\/secure.gravatar.com\/avatar\/a2bc2cedeb6bc38b87c953f5e0fea14090a441e6bf56a504f57cde43a0ab4995?s=96&d=mm&r=g","url":"https:\/\/secure.gravatar.com\/avatar\/a2bc2cedeb6bc38b87c953f5e0fea14090a441e6bf56a504f57cde43a0ab4995?s=96&d=mm&r=g","contentUrl":"https:\/\/secure.gravatar.com\/avatar\/a2bc2cedeb6bc38b87c953f5e0fea14090a441e6bf56a504f57cde43a0ab4995?s=96&d=mm&r=g","caption":"estourgie"},"sameAs":["http:\/\/estourgie.fr"],"url":"http:\/\/estourgie.fr\/de\/author\/estourgie"}]}},"_links":{"self":[{"href":"http:\/\/estourgie.fr\/de\/wp-json\/wp\/v2\/posts\/355","targetHints":{"allow":["GET"]}}],"collection":[{"href":"http:\/\/estourgie.fr\/de\/wp-json\/wp\/v2\/posts"}],"about":[{"href":"http:\/\/estourgie.fr\/de\/wp-json\/wp\/v2\/types\/post"}],"author":[{"embeddable":true,"href":"http:\/\/estourgie.fr\/de\/wp-json\/wp\/v2\/users\/1"}],"replies":[{"embeddable":true,"href":"http:\/\/estourgie.fr\/de\/wp-json\/wp\/v2\/comments?post=355"}],"version-history":[{"count":1,"href":"http:\/\/estourgie.fr\/de\/wp-json\/wp\/v2\/posts\/355\/revisions"}],"predecessor-version":[{"id":358,"href":"http:\/\/estourgie.fr\/de\/wp-json\/wp\/v2\/posts\/355\/revisions\/358"}],"wp:attachment":[{"href":"http:\/\/estourgie.fr\/de\/wp-json\/wp\/v2\/media?parent=355"}],"wp:term":[{"taxonomy":"category","embeddable":true,"href":"http:\/\/estourgie.fr\/de\/wp-json\/wp\/v2\/categories?post=355"},{"taxonomy":"post_tag","embeddable":true,"href":"http:\/\/estourgie.fr\/de\/wp-json\/wp\/v2\/tags?post=355"}],"curies":[{"name":"wp","href":"https:\/\/api.w.org\/{rel}","templated":true}]}}